[{"@context":"https:\/\/schema.org\/","@type":"Article","@id":"https:\/\/www.kasanka.cz\/vyhodne-zapujceni-karavanu-a-obytnych-privesu\/#Article","mainEntityOfPage":"https:\/\/www.kasanka.cz\/vyhodne-zapujceni-karavanu-a-obytnych-privesu\/","headline":"V\u00fdhodn\u00e9 zap\u016fj\u010den\u00ed karavan\u016f a obytn\u00fdch p\u0159\u00edv\u011bs\u016f","name":"V\u00fdhodn\u00e9 zap\u016fj\u010den\u00ed karavan\u016f a obytn\u00fdch p\u0159\u00edv\u011bs\u016f","description":"Dovolen\u00e1 je ka\u017edoro\u010dn\u00edm sv\u00e1tkem v\u0161ech pracuj\u00edc\u00edch a pom\u00e1h\u00e1 n\u00e1m po\u0159\u00e1dn\u011b si odpo\u010dinout, na\u010derpat s\u00edly a z\u00edskat jedine\u010dn\u00e9 z\u00e1\u017eitky, na kter\u00e9 nikdy nezapomeneme. Ne ka\u017ed\u00fd d\u00e1...","datePublished":"2023-10-15","dateModified":"2023-10-15","author":{"@type":"Person","@id":"https:\/\/www.kasanka.cz\/author\/#Person","name":"","url":"https:\/\/www.kasanka.cz\/author\/","identifier":1,"image":{"@type":"ImageObject","@id":"https:\/\/secure.gravatar.com\/avatar\/390ba47df5874845ef3762ac16ecd0a67f4e30c13cbb7c7ee444ade303aa885b?s=96&d=mm&r=g","url":"https:\/\/secure.gravatar.com\/avatar\/390ba47df5874845ef3762ac16ecd0a67f4e30c13cbb7c7ee444ade303aa885b?s=96&d=mm&r=g","height":96,"width":96}},"publisher":{"@type":"Organization","name":"kasanka.cz","logo":{"@type":"ImageObject","@id":"\/logo.png","url":"\/logo.png","width":600,"height":60}},"url":"https:\/\/www.kasanka.cz\/vyhodne-zapujceni-karavanu-a-obytnych-privesu\/","wordCount":428,"articleBody":"Dovolen\u00e1 je ka\u017edoro\u010dn\u00edm sv\u00e1tkem v\u0161ech pracuj\u00edc\u00edch a pom\u00e1h\u00e1 n\u00e1m po\u0159\u00e1dn\u011b si odpo\u010dinout, na\u010derpat s\u00edly a z\u00edskat jedine\u010dn\u00e9 z\u00e1\u017eitky, na kter\u00e9 nikdy nezapomeneme. Ne ka\u017ed\u00fd d\u00e1 v\u0161ak p\u0159ednost dovolen\u00e9 u mo\u0159e nebo pozn\u00e1vac\u00edm v\u00fdlet\u016fm, kter\u00e9 jsou mnohdy kr\u00e1sn\u00e9, av\u0161ak svazuj\u00edc\u00ed. Pro dobrodruhy je toti\u017e d\u016fle\u017eit\u00e9, aby si svou cestu mohli napl\u00e1novat sami a vid\u011bli tak co mo\u017en\u00e1 nejv\u00edce m\u00edst s minim\u00e1ln\u00edmi n\u00e1klady. P\u016fj\u010dovna karavan\u016f,p\u016fj\u010dovna obytn\u00fdch p\u0159\u00edv\u011bs\u016f v\u00e1m takovou svobodu nab\u00eddne a m\u016f\u017eete si d\u00edky napl\u00e1novat cestu podle sebe. Se zap\u016fj\u010den\u00fdm karavanem nav\u00edc m\u016f\u017eete procestovat nejen \u010ceskou republiku, ale i celou Evropu a to p\u0159itom za v\u00fdhodnou a atraktivn\u00ed cenu. V\u0161echny na\u0161e vozy jsou nav\u00edc nejen skv\u011ble vybaven\u00e9, ale jsou i spolehliv\u00e9 a to d\u00edky pravideln\u00fdm servisn\u00edm kontrol\u00e1m, kter\u00fdmi proch\u00e1zej\u00ed ka\u017ed\u00fd rok. Cestov\u00e1n\u00ed je tak d\u00edky nim pohodln\u00e9 a nab\u00edz\u00ed jedine\u010dn\u00e9 kouzlo svobody, dobrodru\u017estv\u00ed a pozn\u00e1v\u00e1n\u00ed.\tKr\u00e1sn\u00e9 dobrodru\u017estv\u00ed pro celou rodinu&lt;Rodinn\u00e9 dovolen\u00e9 b\u00fdvaj\u00ed t\u011bmi nejlep\u0161\u00edmi v na\u0161em \u017eivot\u011b a u\u017e\u00edv\u00e1me si na nich mnoho radosti a nov\u00fdch z\u00e1\u017eitk\u016f. Vym\u00fd\u0161let neust\u00e1le nov\u00e9 v\u00fdlety je v\u0161ak n\u00e1ro\u010dn\u00e9 a opakuj\u00edc\u00ed se dovolen\u00e9 mohou postupem \u010dasu ztr\u00e1cet sv\u016fj p\u016fvab. Nyn\u00ed si v\u0161ak svou dovolenou m\u016f\u017eete napl\u00e1novat sami a to d\u00edky na\u0161\u00ed p\u016fj\u010dovn\u011b, kter\u00e1 v\u00e1m nab\u00eddne obytn\u00e9 vozy v mnoha proveden\u00edch a to p\u0159itom za v\u00fdhodn\u00e9 ceny. D\u00edky skv\u011bl\u00e9mu vybaven\u00ed se nav\u00edc m\u016f\u017eete ubytovat tak\u0159ka kdekoli a u\u017e\u00edt si tak i n\u011bkolik m\u011bs\u00edc\u016f jedine\u010dn\u00e9 dovolen\u00e9. Pam\u00e1tky, p\u0159\u00edrodn\u00ed rezervace nebo r\u016fzn\u00e9 atrakce m\u016f\u017eete projet podle va\u0161ich pl\u00e1n\u016f a to bez jak\u00fdchkoli omezen\u00ed. Oproti dovolen\u00e9 u cestovn\u00edch kancel\u00e1\u0159\u00ed nav\u00edc u\u0161et\u0159\u00edte i n\u011bkolik tis\u00edc korun na osobu a p\u0159itom z\u00edsk\u00e1te jedine\u010dn\u00e9 vzpom\u00ednky, kter\u00e9 v\u00e1s rozesm\u011bj\u00ed p\u0159i ka\u017ed\u00e9m pomy\u0161len\u00ed. Rezervace v\u00e1mi vybran\u00e9ho obytn\u00e9ho vozu je p\u0159itom velmi snadn\u00e1 a lze ji realizovat jak telefonicky, tak i p\u0159es emailovou adresu.                                                                                                                                                                                                                                                                                                                                                                                        4.1\/5 - (11 votes)        "},{"@context":"https:\/\/schema.org\/","@type":"BreadcrumbList","itemListElement":[{"@type":"ListItem","position":1,"name":"V\u00fdhodn\u00e9 zap\u016fj\u010den\u00ed karavan\u016f a obytn\u00fdch p\u0159\u00edv\u011bs\u016f","item":"https:\/\/www.kasanka.cz\/vyhodne-zapujceni-karavanu-a-obytnych-privesu\/#breadcrumbitem"}]}]