[{"@context":"https:\/\/schema.org\/","@type":"Article","@id":"https:\/\/www.kasanka.cz\/o-dnesnich-socialnich-sitich\/#Article","mainEntityOfPage":"https:\/\/www.kasanka.cz\/o-dnesnich-socialnich-sitich\/","headline":"O dne\u0161n\u00edch soci\u00e1ln\u00edch s\u00edt\u00edch","name":"O dne\u0161n\u00edch soci\u00e1ln\u00edch s\u00edt\u00edch","description":"V\u00a0dne\u0161n\u00ed dob\u011b u\u017e nenajdete \u010dlov\u011bka, kter\u00e9mu by pojem soci\u00e1ln\u00ed s\u00edt\u011b byl ciz\u00ed, mnoz\u00ed z\u00a0nich proto vyu\u017e\u00edvaj\u00ed ty nejv\u00edce u\u017e\u00edvan\u00e9 soci\u00e1ln\u00ed s\u00edt\u011b, ani\u017e by vlastn\u011b v\u011bd\u011bli,...","datePublished":"2025-02-27","dateModified":"2023-04-30","author":{"@type":"Person","@id":"https:\/\/www.kasanka.cz\/author\/#Person","name":"","url":"https:\/\/www.kasanka.cz\/author\/","identifier":1,"image":{"@type":"ImageObject","@id":"https:\/\/secure.gravatar.com\/avatar\/390ba47df5874845ef3762ac16ecd0a67f4e30c13cbb7c7ee444ade303aa885b?s=96&d=mm&r=g","url":"https:\/\/secure.gravatar.com\/avatar\/390ba47df5874845ef3762ac16ecd0a67f4e30c13cbb7c7ee444ade303aa885b?s=96&d=mm&r=g","height":96,"width":96}},"publisher":{"@type":"Organization","name":"kasanka.cz","logo":{"@type":"ImageObject","@id":"\/logo.png","url":"\/logo.png","width":600,"height":60}},"image":{"@type":"ImageObject","@id":"https:\/\/www.kasanka.cz\/wp-content\/uploads\/img_a301282_w2291_t1511353931.jpg","url":"https:\/\/www.kasanka.cz\/wp-content\/uploads\/img_a301282_w2291_t1511353931.jpg","height":0,"width":0},"url":"https:\/\/www.kasanka.cz\/o-dnesnich-socialnich-sitich\/","wordCount":423,"articleBody":"V\u00a0dne\u0161n\u00ed dob\u011b u\u017e nenajdete \u010dlov\u011bka, kter\u00e9mu by pojem soci\u00e1ln\u00ed s\u00edt\u011b byl ciz\u00ed, mnoz\u00ed z\u00a0nich proto vyu\u017e\u00edvaj\u00ed ty nejv\u00edce u\u017e\u00edvan\u00e9 soci\u00e1ln\u00ed s\u00edt\u011b, ani\u017e by vlastn\u011b v\u011bd\u011bli, kolik informac\u00ed co o sob\u011b zadaj\u00ed je pot\u00e9 ulo\u017eeno a m\u016f\u017ee b\u00fdt zneu\u017eito.Av\u0161ak se jedn\u00e1 z\u00e1rove\u0148 o efektivn\u00ed n\u00e1stroj pro boj se zlo\u010dinem, kter\u00fd umo\u017e\u0148uje policii vy\u0161et\u0159ov\u00e1n\u00ed v\u00a0mnoha ohledech.\u00a0\tFacebookJedn\u00e1 se o tu v\u016fbec nejzn\u00e1m\u011bj\u0161\u00ed existuj\u00edc\u00ed soci\u00e1ln\u00ed s\u00ed\u0165, kter\u00e1 je roz\u0161\u00ed\u0159en\u00e1 v\u00a0cel\u00e9m sv\u011bt\u011b a kterou vyu\u017e\u00edv\u00e1 n\u011bkolik miliard lid\u00ed denn\u011b, av\u0161ak kdo by tu\u0161il, \u017ee se z\u00e1rove\u0148 jedn\u00e1 o tu nejv\u00edce monitorovanou s\u00ed\u0165 v\u016fbec?Plusy&#8211;\u00a0\u00a0\u00a0\u00a0\u00a0\u00a0\u00a0\u00a0\u00a0 Mnoho funkc\u00ed&#8211;\u00a0\u00a0\u00a0\u00a0\u00a0\u00a0\u00a0\u00a0\u00a0 Relativn\u011b lehk\u00e9 p\u00e1tr\u00e1n\u00ed po p\u0159\u00e1tel\u00edch&#8211;\u00a0\u00a0\u00a0\u00a0\u00a0\u00a0\u00a0\u00a0\u00a0 Mo\u017enost zabezpe\u010den\u00ed p\u0159ed lidmi, kter\u00e9 nezn\u00e1teM\u00ednusy&#8211;\u00a0\u00a0\u00a0\u00a0\u00a0\u00a0\u00a0\u00a0\u00a0 Velmi nesoukrom\u00e1 soc. s\u00ed\u0165&#8211;\u00a0\u00a0\u00a0\u00a0\u00a0\u00a0\u00a0\u00a0\u00a0 Ka\u017ed\u00fd si o V\u00e1s m\u016f\u017ee cokoliv ve\u0159ejn\u00e9ho dohledat&#8211;\u00a0\u00a0\u00a0\u00a0\u00a0\u00a0\u00a0\u00a0\u00a0 Relativn\u00ed svoboda slova\tTwitterTwitter je dal\u0161\u00ed ze zn\u00e1m\u00fdch soc. s\u00edt\u00ed, kter\u00e9 ve velk\u00e9m pou\u017e\u00edvaj\u00ed zn\u00e1m\u00e9 osobnosti a celebrity, av\u0161ak stejn\u011b jako Facebook se jedn\u00e1 o hodn\u011b monitorovanou s\u00ed\u0165.Plusy&#8211;\u00a0\u00a0\u00a0\u00a0\u00a0\u00a0\u00a0\u00a0\u00a0 Mo\u017enost nastaven\u00ed cenzury u n\u011bkter\u00fdch p\u0159\u00edsp\u011bvk\u016f&#8211;\u00a0\u00a0\u00a0\u00a0\u00a0\u00a0\u00a0\u00a0\u00a0 Vysok\u00fd dosah p\u0159\u00edsp\u011bvk\u016f&#8211;\u00a0\u00a0\u00a0\u00a0\u00a0\u00a0\u00a0\u00a0\u00a0 S\u00ed\u0165 vhodn\u00e1 pro oznamov\u00e1n\u00ed zpr\u00e1vM\u00ednusy&#8211;\u00a0\u00a0\u00a0\u00a0\u00a0\u00a0\u00a0\u00a0\u00a0 Monitorovanost&#8211;\u00a0\u00a0\u00a0\u00a0\u00a0\u00a0\u00a0\u00a0\u00a0 Limitace toho co nap\u00ed\u0161ete&#8211;\u00a0\u00a0\u00a0\u00a0\u00a0\u00a0\u00a0\u00a0\u00a0 V\u0161e co vlo\u017e\u00edte na Twitter se st\u00e1v\u00e1 jeho majetkem\u00a0\tEverymeJedn\u00e1 se o soci\u00e1ln\u00ed s\u00ed\u0165 pro ty, kte\u0159\u00ed cht\u011bj\u00ed uchovat sv\u00e9 soukrom\u00ed, auto\u0159i mimo jin\u00e9 \u0159\u00edkaj\u00ed, \u017ee v\u0161echny informace, kter\u00e9 vlo\u017e\u00edte, budou jen Va\u0161e a nikdo jin\u00fd s\u00a0nimi nebude moci operovat.Plusy&#8211;\u00a0\u00a0\u00a0\u00a0\u00a0\u00a0\u00a0\u00a0\u00a0 Zabezpe\u010denost&#8211;\u00a0\u00a0\u00a0\u00a0\u00a0\u00a0\u00a0\u00a0\u00a0 Intuitivnost a jednoduchostM\u00ednusy&#8211;\u00a0\u00a0\u00a0\u00a0\u00a0\u00a0\u00a0\u00a0\u00a0 Neobvykl\u00e9 rozhran\u00ed, kter\u00e9 m\u016f\u017ee n\u011bkter\u00fdm p\u016fsobit probl\u00e9my\u00a0\u00a0\tNotabliJedn\u00e1 se o soci\u00e1ln\u00ed s\u00ed\u0165 postavenou kolem n\u00e1padu sd\u00edlen\u00ed soukrom\u00fdch fotek, kter\u00e9 nechcete d\u00e1t na Facebook se svou rodinou a nik\u00fdm dal\u0161\u00edm.Plusy&#8211;\u00a0\u00a0\u00a0\u00a0\u00a0\u00a0\u00a0\u00a0\u00a0 Mo\u017enost sd\u00edlen\u00ed fotek a vide\u00ed s\u00a0ostatn\u00edmi \u010dleny rodiny&#8211;\u00a0\u00a0\u00a0\u00a0\u00a0\u00a0\u00a0\u00a0\u00a0 Mo\u017enost pos\u00edl\u00e1n\u00ed zpr\u00e1v nebo kreslen\u00ed&#8211;\u00a0\u00a0\u00a0\u00a0\u00a0\u00a0\u00a0\u00a0\u00a0 \u00da\u010det lze nastavit na sd\u00edlen\u00fd s partneremM\u00ednusy&#8211;\u00a0\u00a0\u00a0\u00a0\u00a0\u00a0\u00a0\u00a0\u00a0 Jedn\u00e1 se o s\u00ed\u0165 zalo\u017eenou konkr\u00e9tn\u011b na sd\u00edlen\u00ed fotek s\u00a0rodinou, nelze od n\u00ed o\u010dek\u00e1vat to co nap\u0159\u00edklad od Everyme&#8211;\u00a0\u00a0\u00a0\u00a0\u00a0\u00a0\u00a0\u00a0\u00a0 Ostatn\u00ed \u010dlenov\u00e9 rodiny nebo p\u0159\u00e1tel\u00e9, kte\u0159\u00ed cht\u011bj\u00ed V\u00e1\u0161 obsah vid\u011bt mus\u00ed b\u00fdt takt\u00e9\u017e \u010dleny Notabli                                                                                                                                                                                                                                                                                                                                                                                        3.9\/5 - (8 votes)        "},{"@context":"https:\/\/schema.org\/","@type":"BreadcrumbList","itemListElement":[{"@type":"ListItem","position":1,"name":"O dne\u0161n\u00edch soci\u00e1ln\u00edch s\u00edt\u00edch","item":"https:\/\/www.kasanka.cz\/o-dnesnich-socialnich-sitich\/#breadcrumbitem"}]}]